{"id":7304,"date":"2024-04-30T06:20:50","date_gmt":"2024-04-30T06:20:50","guid":{"rendered":"https:\/\/www.swissolution.com\/?p=7304"},"modified":"2024-06-17T11:04:20","modified_gmt":"2024-06-17T11:04:20","slug":"wieso-die-strenge-generationeneinteilungen-in-x-y-z-gugus-ist-2","status":"publish","type":"post","link":"https:\/\/www.fink-recruiting.ch\/en\/wieso-die-strenge-generationeneinteilungen-in-x-y-z-gugus-ist-2\/","title":{"rendered":"Why are strict generational classifications into X, Y, and Z nonsense?"},"content":{"rendered":"\t\t<div data-elementor-type=\"wp-post\" data-elementor-id=\"7304\" class=\"elementor elementor-7304\" data-elementor-post-type=\"post\">\n\t\t\t\t\t\t<section class=\"elementor-section elementor-top-section elementor-element elementor-element-52bc1a17 elementor-section-boxed elementor-section-height-default elementor-section-height-default\" data-id=\"52bc1a17\" data-element_type=\"section\" data-e-type=\"section\">\n\t\t\t\t\t\t<div class=\"elementor-container elementor-column-gap-default\">\n\t\t\t\t\t<div class=\"elementor-column elementor-col-100 elementor-top-column elementor-element elementor-element-2bcd040\" data-id=\"2bcd040\" data-element_type=\"column\" data-e-type=\"column\">\n\t\t\t<div class=\"elementor-widget-wrap elementor-element-populated\">\n\t\t\t\t\t\t<div class=\"elementor-element elementor-element-d3dc703 elementor-widget elementor-widget-image\" data-id=\"d3dc703\" data-element_type=\"widget\" data-e-type=\"widget\" data-widget_type=\"image.default\">\n\t\t\t\t<div class=\"elementor-widget-container\">\n\t\t\t\t\t\t\t\t\t\t\t\t\t\t\t<img decoding=\"async\" src=\"https:\/\/www.fink-recruiting.ch\/wp-content\/uploads\/elementor\/thumbs\/x-y-z-qand1jewc2rrp9ma2xa8aftoxqlr1dh9cctdanby60.png\" title=\"x y z\" alt=\"x y z\" loading=\"lazy\" \/>\t\t\t\t\t\t\t\t\t\t\t\t\t\t\t<\/div>\n\t\t\t\t<\/div>\n\t\t\t\t<div class=\"elementor-element elementor-element-2c7c7e46 elementor-widget__width-initial elementor-widget elementor-widget-text-editor\" data-id=\"2c7c7e46\" data-element_type=\"widget\" data-e-type=\"widget\" data-settings=\"{&quot;motion_fx_motion_fx_scrolling&quot;:&quot;yes&quot;,&quot;motion_fx_devices&quot;:[&quot;desktop&quot;,&quot;tablet&quot;,&quot;mobile&quot;]}\" data-widget_type=\"text-editor.default\">\n\t\t\t\t<div class=\"elementor-widget-container\">\n\t\t\t\t\t\t\t\t\t<div class=\"elementor-element elementor-element-c51b5b1 elementor-widget elementor-widget-heading\" data-id=\"c51b5b1\" data-element_type=\"widget\" data-widget_type=\"heading.default\"><div class=\"elementor-widget-container\"><div class=\"elementor-element elementor-element-66f105b elementor-widget elementor-widget-heading\" data-id=\"66f105b\" data-element_type=\"widget\" data-widget_type=\"heading.default\"><div class=\"elementor-widget-container\"><div class=\"elementor-element elementor-element-7e383f6 elementor-widget elementor-widget-heading\" data-id=\"7e383f6\" data-element_type=\"widget\" data-widget_type=\"heading.default\"><div class=\"elementor-widget-container\"><p><strong>Wieso die strenge Generationeneinteilungen in X, Y, Z Gugus ist<\/strong><\/p><\/div><\/div><div class=\"elementor-element elementor-element-81dca4d elementor-widget elementor-widget-spacer\" data-id=\"81dca4d\" data-element_type=\"widget\" data-widget_type=\"spacer.default\"><div class=\"elementor-widget-container\"><div class=\"elementor-spacer\"><div class=\"elementor-spacer-inner\">\u00a0<\/div><\/div><\/div><\/div><div class=\"elementor-element elementor-element-64e1d4cf elementor-widget elementor-widget-text-editor\" data-id=\"64e1d4cf\" data-element_type=\"widget\" data-settings=\"{&quot;motion_fx_motion_fx_scrolling&quot;:&quot;yes&quot;,&quot;motion_fx_devices&quot;:[&quot;desktop&quot;,&quot;tablet&quot;,&quot;mobile&quot;]}\" data-widget_type=\"text-editor.default\"><div class=\"elementor-widget-container\"><div class=\"elementor-text-editor elementor-clearfix\"><p>Wenn ich Sie frage welcher Generation Sie angeh\u00f6ren, dann k\u00f6nnen Sie mir mit hoher Wahrscheinlichkeit augenblicklich Auskunft geben und gerade auch noch die wichtigsten Eigenschaften und Auspr\u00e4gungen Ihrer Generation mitliefern. Stimmts?<\/p><p>Aber h\u00e4tten Sie das vor zehn Jahren auch schon gekonnt? H\u00e4tten Sie gewusst, dass Sie zur apolitischen aber fleissigen Generation X geh\u00f6ren, oder zur ersten teildigitalisierten und stark individualistischen Generation Y? Ich behaupte nein. Die Generationen-Frage, oder vielmehr die Generationen-Behauptung, hat erst vor ein paar wenigen Jahren richtig Fahrt aufgenommen und hat sich, meiner Meinung nach, erst mit dem Eintritt ins Arbeitsleben der sogenannten Generation Z im kollektiven Diskurs etabliert. Es ist schwierig zu rekonstruieren, wann sich eine breitere \u00d6ffentlichkeit zu wundern begann, dass die J\u00fcngsten im Arbeitsmarkt die scheinbar Kompliziertesten sein sollen. Wie auch immer: inzwischen wurden halbe Bibliotheken \u00fcber die Besonderheiten dieser Generation Z publiziert, Agenturen gegr\u00fcndet, die \u00e4lteren Erdenbewohnern erkl\u00e4ren, wie die GenZ\u2019s ticken und j\u00fcngst haben ein paar Youngsters in der Schweiz sogar eine eigene Job-App (Jobshot) lanciert, weil Stellensuche, sagen sie, f\u00fcr die Jungen ja ein bisschen wie Tindern sei.<\/p><p>Als erfahrene Recruiterin, die seit \u00fcber 20 Jahren mit Menschen aus allen Generationen in engem Austausch steht, m\u00f6chte ich gerne einfach einmal ein paar Fragen in den Raum stellen<sup>1<\/sup>.<\/p><ol><li>Pr\u00e4gen Ereignisse in den ersten 15 Jahren eines Menschen (so die g\u00e4ngigste Definition von Generation), die f\u00fcr die Entwicklung spezifischer Eigenschaften und Verhaltensmuster einer Generation verantwortlich sein sollen, alle anderen Menschen nicht genauso?<\/li><li>Wann, also zu welchem Zeitpunkt, werden einer neuen Generation deren typischen Attribute verliehen und von wem (man merke: die j\u00fcngsten Vertreterinnen und Vertreter der GenZ sind gerade mal zw\u00f6lf Jahre alt)?<\/li><li>Was, wenn Menschen sich im Verlauf ihres Lebens \u00e4ndern?<\/li><li>Was, wenn sich eine Gesellschaft im Laufe der Zeit ver\u00e4ndert?<\/li><\/ol><p>Sie merken nat\u00fcrlich, worauf ich hinaus will \u2013 bei n\u00e4herer Betrachtung scheinen die g\u00e4ngigen Generationendefinitionen nicht sehr belastbar zu sein. Und deshalb m\u00f6chte ich Ihnen kurz etwas konkreter erkl\u00e4ren, weshalb Sie sich als Personalverantwortliche nicht zu stark von der Generationenfrage leiten lassen sollten.<\/p><p>Generationenmerkmale oder einfach Pubert\u00e4t?<\/p><p>Ich mache ein Beispiel: Die j\u00fcngsten Mitglieder der Generation Z sind heute (je nach Theorie) zw\u00f6lf, die \u00e4ltesten 27 Jahre alt. Ein Grossteil der Generation befindet sich also entwicklungsm\u00e4ssig kurz vor, mitten in oder knapp nach der Pubert\u00e4t und den entsprechenden Umbauprozessen in Gehirn und Hormonhaushalt. Und doch verf\u00fcgen die GenZ\u2019ler in einer kollektiven Perzeption bereits \u00fcber klar definierte Generationenmerkmale wie: pessimistisch, sensibel, kompliziert. Laut Wikipedia \u00abstreben sie nach Selbstbestimmung, Sinnerf\u00fcllung und Selbstverwirklichung. Beruflich bevorzugen sie einzigartige Arbeitserfahrungen, bei denen die Arbeit Spass macht, sinnvoll, abwechslungsreich, spannend und herausfordernd ist und ihren Neigungen entspricht\u00bb<sup>2<\/sup>\u2026<\/p><p>Mal ehrlich\u2026 H\u00e4tten Sie all das, falls Sie zur Generation Y, X oder zu den Babyboomers geh\u00f6ren, in Ihrer Jugend nicht auch gesagt? Eben.<\/p><p>Viel entscheidender scheinen mir gesellschaftliche und technologische Entwicklungen und wie sie sich auf die Talente von Arbeitskr\u00e4ften auswirken und wie Recruiters diese beurteilen sollen. Denn Arbeitsnehmende sind ja immer auch Kundinnen und Kunden, sprich Zielgruppen. Und als solche bringen sie f\u00fcr Unternehmen unsch\u00e4tzbare Knowhows und Skills mit. So k\u00f6nnen die Feedbacks von j\u00fcngeren, seit Geburt digitalisierten Kolleginnen und Kollegen zu Customer-Journeys Ihres Unternehmens oder zu Ihrem Auftritt in sozialen Medien von unsch\u00e4tzbarem Wert sein. Sie tragen aber eben auch gesellschaftliche Entwicklungen mit: Vereinbarkeit von Beruf und Familie, Homeoffice, Purpose \u2013 das sind nicht \u00fcbertriebene Forderungen einer einzelnen, spezifischen Generation, sondern Resultate von aussergew\u00f6hnlichen Erfahrungen und Prozessen, die wir als Gemeinschaft vor allem in den letzten Jahren gemacht haben.<\/p><p>Vertrauen Sie Ihren Instinkten!<\/p><p>Lassen Sie sich deshalb nicht davon abschrecken, wenn junge Menschen, die gerade neu ins Arbeitsleben eintreten, dann und wann etwas exotisch anmutende Vorstellungen und Bedingungen zu ihrer Anstellung \u00e4ussern. Sie werden sich zu genauso zu f\u00e4higen und loyalen Kolleginnen und Kollegen entwickeln, wie ihre Vorg\u00e4ngerinnen und Vorg\u00e4nger aus anderen Generationen.<\/p><p>Lassen Sie sich aber genauso wenig von den \u00fcberall aufpoppenden Beratungsagenturen und Influencerinnen und Influencer verunsichern, die Ihnen weiss machen wollen, dass hier eine Generation die Arbeitswelt betritt, die komplett anders tickt als alle anderen vor ihr und die ohne bezahlte \u00dcbersetzungsleistung nicht verstanden werden kann.<\/p><p>Vertrauen Sie weiterhin getrost auf Ihre Menschenkenntnis, auf Ihre Erfahrung und auf Ihre Instinkte. Sie haben es schliesslich nicht mit Ausserirdischen zu tun.<\/p><p><sup>1<\/sup>https:\/\/www.researchgate.net\/publication\/328030090_Der_Generationenmythos<\/p><p><sup>2<\/sup>https:\/\/de.wikipedia.org\/wiki\/Generation_Z<\/p><h4>Doris Fink<\/h4><p>Gesch\u00e4ftsf\u00fchrerin \/ Inhaberin<\/p><\/div><\/div><\/div><\/div><\/div><\/div><\/div>\t\t\t\t\t\t\t\t<\/div>\n\t\t\t\t<\/div>\n\t\t\t\t\t<\/div>\n\t\t<\/div>\n\t\t\t\t\t<\/div>\n\t\t<\/section>\n\t\t\t\t<\/div>\n\t\t","protected":false},"excerpt":{"rendered":"<p>Generation Z is a topic of much discussion. Are the young people who are now entering the workforce really so different from everyone else? Or are these sensitive but highly efficient \"oddballs\" a clever self-promotion that can earn them a lot of money?<\/p>","protected":false},"author":11,"featured_media":7305,"comment_status":"open","ping_status":"open","sticky":false,"template":"","format":"standard","meta":{"footnotes":""},"categories":[4,20,19],"tags":[],"class_list":["post-7304","post","type-post","status-publish","format-standard","has-post-thumbnail","hentry","category-work","category-kmu","category-startups"],"_links":{"self":[{"href":"https:\/\/www.fink-recruiting.ch\/en\/wp-json\/wp\/v2\/posts\/7304","targetHints":{"allow":["GET"]}}],"collection":[{"href":"https:\/\/www.fink-recruiting.ch\/en\/wp-json\/wp\/v2\/posts"}],"about":[{"href":"https:\/\/www.fink-recruiting.ch\/en\/wp-json\/wp\/v2\/types\/post"}],"author":[{"embeddable":true,"href":"https:\/\/www.fink-recruiting.ch\/en\/wp-json\/wp\/v2\/users\/11"}],"replies":[{"embeddable":true,"href":"https:\/\/www.fink-recruiting.ch\/en\/wp-json\/wp\/v2\/comments?post=7304"}],"version-history":[{"count":0,"href":"https:\/\/www.fink-recruiting.ch\/en\/wp-json\/wp\/v2\/posts\/7304\/revisions"}],"wp:featuredmedia":[{"embeddable":true,"href":"https:\/\/www.fink-recruiting.ch\/en\/wp-json\/wp\/v2\/media\/7305"}],"wp:attachment":[{"href":"https:\/\/www.fink-recruiting.ch\/en\/wp-json\/wp\/v2\/media?parent=7304"}],"wp:term":[{"taxonomy":"category","embeddable":true,"href":"https:\/\/www.fink-recruiting.ch\/en\/wp-json\/wp\/v2\/categories?post=7304"},{"taxonomy":"post_tag","embeddable":true,"href":"https:\/\/www.fink-recruiting.ch\/en\/wp-json\/wp\/v2\/tags?post=7304"}],"curies":[{"name":"wp","href":"https:\/\/api.w.org\/{rel}","templated":true}]}}